{"id":56470,"date":"2025-04-11T00:07:29","date_gmt":"2025-04-10T22:07:29","guid":{"rendered":"https:\/\/greenbuildingeurope.eu\/?p=56470"},"modified":"2025-04-09T14:43:59","modified_gmt":"2025-04-09T12:43:59","slug":"guide-til-gronne-tage","status":"publish","type":"post","link":"https:\/\/greenbuildingeurope.eu\/da\/guide-til-gronne-tage\/","title":{"rendered":"En guide til gr\u00f8nne tage: Det korte af det lange om typer, komponenter og fordele"},"content":{"rendered":"\n<p>Et gr\u00f8nt tag, ogs\u00e5 kendt som et levende tag eller et \u00f8ko-tag, er i bund og grund en taghave. Selv om de kan koste mere p\u00e5 forh\u00e5nd end et mere traditionelt <a href=\"https:\/\/greenbuildingeurope.eu\/?p=31045\">tag<\/a>, er fordelene enorme, og de potentielle langsigtede besparelser kan betale sig &#8211; is\u00e6r for milj\u00f8et!<\/p>\n\n\n\n<p>Ud over de \u00f8konomiske og milj\u00f8m\u00e6ssige fordele er der mange sociale fordele forbundet med gr\u00f8nne tage. Byspredning betyder, at plads generelt, men is\u00e6r gr\u00f8n plads, er en mangelvare. N\u00e5r vi udnytter den ubrugte plads p\u00e5 tagene, f\u00e5r vi den ekstra fordel, at vi kan skabe smukke f\u00e6llesrum som f.eks. bylandbrug, taghaver eller legepladser p\u00e5 taget.<\/p>\n\n\n\n<p>Gr\u00f8nne tage kr\u00e6ver vandingssystemer, ordentlig vandt\u00e6tning for at forhindre l\u00e6kager, en rodbarriere, et v\u00e6kstmedium, der er lettere end traditionel jord, og passende dr\u00e6ning, bare for at n\u00e6vne nogle af de vigtigste ting.<\/p>\n\n\n\n<p>Et gr\u00f8nt tag kan have en gennemsnitlig levetid p\u00e5 50 til 75 \u00e5r. I betragtning af den potentielle levetid for et <a href=\"https:\/\/greenbuildingeurope.eu\/?p=32405\">gr\u00f8nt<\/a> tag er det vigtigt, at du laver omfattende research og v\u00e6lger et design, som du kan lide.<\/p>\n\n\n\n<h2 class=\"wp-block-heading has-text-align-center\">Fordelene ved gr\u00f8nne tage: 9 faktorer, de kan p\u00e5virke<\/h2>\n\n\n\n<hr class=\"wp-block-separator has-alpha-channel-opacity is-style-default\"\/>\n\n\n\n<figure class=\"wp-block-image size-large\"><a href=\"https:\/\/greenbuildingeurope.eu\/wp-content\/uploads\/2019\/04\/green-roof-building-city.jpg\"><img decoding=\"async\" width=\"1024\" height=\"767\" src=\"data:image\/svg+xml;base64,PHN2ZyB4bWxucz0iaHR0cDovL3d3dy53My5vcmcvMjAwMC9zdmciIHZpZXdCb3g9IjAgMCAxMjAwIDg5OSIgd2lkdGg9IjEyMDAiIGhlaWdodD0iODk5IiBkYXRhLXU9Imh0dHBzJTNBJTJGJTJGZ3JlZW5idWlsZGluZ2V1cm9wZS5ldSUyRndwLWNvbnRlbnQlMkZ1cGxvYWRzJTJGMjAxOSUyRjA0JTJGZ3JlZW4tcm9vZi1idWlsZGluZy1jaXR5LmpwZyIgZGF0YS13PSIxMjAwIiBkYXRhLWg9Ijg5OSIgZGF0YS1iaXA9IiI+PC9zdmc+\" data-spai=\"1\" alt=\"\" class=\"wp-image-32886\" title=\"\" srcset=\" \" sizes=\"(max-width: 1024px) 100vw, 1024px\" \/><\/a><\/figure>\n\n\n\n<h3 class=\"wp-block-heading\">Den urbane varme\u00f8-effekt<\/h3>\n\n\n\n<p>I befolkningst\u00e6tte omr\u00e5der kan gr\u00f8nne tage hj\u00e6lpe med at udligne den <a href=\"https:\/\/www.nationalgeographic.org\/encyclopedia\/urban-heat-island\/\" target=\"_blank\" rel=\"noopener\">urbane varme\u00f8-effekt<\/a> ved at absorbere smog og kuldioxid, bidrage til dug- og fordampningscyklusserne og d\u00e6kke varmeabsorberende overflader (hej, sorte tj\u00e6retage!) for at s\u00e6nke den samlede temperatur i en bygning og dens omgivelser. Det resulterer ogs\u00e5 i et mindre energibehov og lavere k\u00f8leomkostninger.<\/p>\n\n\n\n<h3 class=\"wp-block-heading\">Isolering<\/h3>\n\n\n\n<p>Den ekstra isolering, som et gr\u00f8nt tag giver, hj\u00e6lper med at regulere temperaturen i en bygning ved at holde p\u00e5 varmen i de k\u00f8ligere m\u00e5neder og aflede varmen fra solen i de varmere m\u00e5neder.<\/p>\n\n\n\n<h3 class=\"wp-block-heading\">Luftkvalitet<\/h3>\n\n\n\n<p>Ved at absorbere <a href=\"https:\/\/greenbuildingeurope.eu\/?p=12104\">kuldioxid<\/a> og filtrere smog og andre skadelige kemikalier er gr\u00f8nne tage i stand til at forbedre den generelle luftkvalitet i et omr\u00e5de. Planterne og de gr\u00f8nne omr\u00e5der frigiver ogs\u00e5 mere ilt til luften, hvilket forbedrer luftkvaliteten yderligere.<\/p>\n\n\n\n<h3 class=\"wp-block-heading\">Regnvand<\/h3>\n\n\n\n<p>Gr\u00f8nne tage kan hj\u00e6lpe med at absorbere regnvand og minimere skadelig afstr\u00f8mning af regnvand, der kombineres med skadelige kemikalier, fedt og olier, n\u00e5r det samler sig p\u00e5 fortove og derefter l\u00f8ber ud i (og forurener) n\u00e6rliggende vandomr\u00e5der eller kommunale regnvandsopsamlingssystemer. Absorberet regnvand vil ogs\u00e5 indg\u00e5 i fordampningscyklussen for at hj\u00e6lpe med at holde det omkringliggende omr\u00e5de k\u00f8ligere.<\/p>\n\n\n\n<h3 class=\"wp-block-heading\">Bygningens levetid og omdirigering af affald<\/h3>\n\n\n\n<p>Den beskyttelse, som et gr\u00f8nt tag giver mod milj\u00f8et, n\u00e5r det omfatter korrekt vandt\u00e6tning og dr\u00e6ning, kan \u00f8ge en bygnings levetid. Bygningsejere kan ogs\u00e5 spare penge p\u00e5 reparationer og vedligeholdelse. Indirekte vil affaldet fra f.eks. reparationer af et tag blive sparet v\u00e6k fra en tur p\u00e5 lossepladsen.<\/p>\n\n\n\n<p>Som en anden mulighed for omdirigering af affald kan et kompostomr\u00e5de indarbejdes i planerne for et levende tag, og den resulterende kompost kan bruges som mad til tagets vegetation.<\/p>\n\n\n\n<h3 class=\"wp-block-heading\">Biodiversitet<\/h3>\n\n\n\n<p>Afh\u00e6ngigt af hvilke typer vegetation, der tilf\u00f8jes til et gr\u00f8nt tag, kan det v\u00e6re i stand til at st\u00f8tte best\u00f8vere og visse fuglearter ved at give ly, yngle- eller redeplads og kilder til f\u00f8de og vand. Nogle gr\u00f8nne tage indeholder ogs\u00e5 bistader til best\u00f8vende bier. Alt dette er med til at underst\u00f8tte biodiversiteten.<\/p>\n\n\n\n<h3 class=\"wp-block-heading\">Social trivsel<\/h3>\n\n\n\n<p>Socialt set kan gr\u00f8nne tage skabe behagelige steder, hvor folk kan samles, hvilket ofte har en positiv indvirkning p\u00e5 den sociale trivsel. Mere specifikt kan de bruges som plads til bylandbrug, hvor folk kan m\u00f8des for at passe planter og h\u00f8ste frugterne af h\u00f8sten. Bylandbrug kan ogs\u00e5 v\u00e6re en kilde til besk\u00e6ftigelse og kan bidrage til bedre f\u00f8devaresikkerhed.<\/p>\n\n\n\n<h3 class=\"wp-block-heading\">\u00c6stetik og plads<\/h3>\n\n\n\n<p>N\u00e5r man anl\u00e6gger gr\u00f8nne omr\u00e5der p\u00e5 <a href=\"https:\/\/greenbuildingeurope.eu\/?p=14087\">tage<\/a>, udnytter man ogs\u00e5 mere vertikal plads, som er en mangelvare i en by med h\u00f8j befolkningst\u00e6thed. M\u00e5ske er der ikke plads til endnu en park i byen p\u00e5 gadeplan, men der er masser af uudnyttet plads oppe p\u00e5 byens tage!<\/p>\n\n\n\n<p>Gr\u00f8nne tage \u00f8ger ogs\u00e5 en bygnings \u00e6stetiske appel og v\u00e6rdi, hvilket g\u00f8r dem mere salgbare over for boligk\u00f8bere eller lejere.<\/p>\n\n\n\n<h3 class=\"wp-block-heading\">Sundhedsomkostninger?<\/h3>\n\n\n\n<p>Endelig kan man argumentere for et fald i de samlede sundhedsomkostninger i et byomr\u00e5de i betragtning af alt det ovenst\u00e5ende &#8211; is\u00e6r faldet i forurening og smog samt den positive sociale indvirkning.<\/p>\n\n\n\n<h2 class=\"wp-block-heading has-text-align-center\">3 forskellige typer gr\u00f8nne tage<\/h2>\n\n\n\n<hr class=\"wp-block-separator has-alpha-channel-opacity\"\/>\n\n\n\n<p>Gr\u00f8nne tage er alsidige og kan omfatte en lang r\u00e6kke forskellige planter eller designs. Der er tre hovedkategorier af gr\u00f8nne tage:<\/p>\n\n\n\n<p><strong>Ekstensivt<\/strong> &#8211; Dette er den enkleste form for gr\u00f8nt tag, der involverer sm\u00e5 planter og gr\u00f8nne omr\u00e5der, som kr\u00e6ver mindre infrastruktur og vedligeholdelse. Typisk er disse tage mere lette, lavvandede og lettere at bygge.<\/p>\n\n\n\n<p><strong>Semi-intensive<\/strong> &#8211; De omfatter nogle st\u00f8rre buske og tr\u00e6er, men best\u00e5r prim\u00e6rt af mindre planter.<\/p>\n\n\n\n<p><strong>Intensive<\/strong> &#8211; Dette er komplekse gr\u00f8nne tage, der indeholder tr\u00e6er, buske og gangbroer og kr\u00e6ver intensiv infrastruktur som f.eks. et vandingssystem, dr\u00e6n, rodbarrierer og meget mere. De er typisk dybere og tungere end andre gr\u00f8nne tage.<\/p>\n\n\n\n<h2 class=\"wp-block-heading has-text-align-center\">Ulemperne ved gr\u00f8nne tage<\/h2>\n\n\n\n<hr class=\"wp-block-separator has-alpha-channel-opacity is-style-default\"\/>\n\n\n\n<figure class=\"wp-block-image size-large\"><a href=\"https:\/\/greenbuildingeurope.eu\/wp-content\/uploads\/2019\/04\/faroe-islands-green-living-roofs.jpg\"><img decoding=\"async\" width=\"1024\" height=\"683\" src=\"data:image\/svg+xml;base64,PHN2ZyB4bWxucz0iaHR0cDovL3d3dy53My5vcmcvMjAwMC9zdmciIHZpZXdCb3g9IjAgMCAxMjAwIDgwMCIgd2lkdGg9IjEyMDAiIGhlaWdodD0iODAwIiBkYXRhLXU9Imh0dHBzJTNBJTJGJTJGZ3JlZW5idWlsZGluZ2V1cm9wZS5ldSUyRndwLWNvbnRlbnQlMkZ1cGxvYWRzJTJGMjAxOSUyRjA0JTJGZmFyb2UtaXNsYW5kcy1ncmVlbi1saXZpbmctcm9vZnMuanBnIiBkYXRhLXc9IjEyMDAiIGRhdGEtaD0iODAwIiBkYXRhLWJpcD0iIj48L3N2Zz4=\" data-spai=\"1\" alt=\"\" class=\"wp-image-32888\" title=\"\" srcset=\" \" sizes=\"(max-width: 1024px) 100vw, 1024px\" \/><\/a><\/figure>\n\n\n\n<p>Selv om fordelene ved et gr\u00f8nt tag langt opvejer de potentielle ulemper, er det vigtigt at kende det st\u00f8rre billede.<\/p>\n\n\n\n<p>En af de st\u00f8rste ulemper ved et gr\u00f8nt tag er, at startomkostningerne er h\u00f8jere end for et traditionelt tag. Denne \u00f8gede omkostning skal dog vejes op mod besparelserne p\u00e5 <a href=\"https:\/\/greenbuildingeurope.eu\/?p=12115\">elregningen<\/a> og den \u00f8gede markedsv\u00e6rdi af ejendommen, som du f\u00e5r ved at have taget.<\/p>\n\n\n\n<p>Med en ekstensiv type gr\u00f8nt tag kan det begr\u00e6nsede antal planter og gr\u00f8nt, du har at v\u00e6lge imellem, v\u00e6re en ulempe. Det er ogs\u00e5 sv\u00e6rere at bruge den ekstensive type gr\u00f8nt tag til rekreative form\u00e5l, s\u00e5 et s\u00e5dant ender ofte med at eksistere udelukkende p\u00e5 grund af de milj\u00f8m\u00e6ssige og \u00f8konomiske gevinster, det kan give. I kolde klimaer kan denne type tag ogs\u00e5 se mindre tiltalende ud i de sene efter\u00e5rs- og vinterm\u00e5neder, n\u00e5r planterne begynder at d\u00f8 for vinteren.<\/p>\n\n\n\n<p>Den st\u00f8rste ulempe ved et intensivt eller semi-intensivt gr\u00f8nt tag er, at det er et mere komplekst system, som generelt er dyrere end en ekstensiv type gr\u00f8nt tag, og du skal have professionel hj\u00e6lp til at designe og bygge det.<\/p>\n\n\n\n<p>Det kr\u00e6ver en del arbejde og omkostninger at vedligeholde et gr\u00f8nt tag, men hvis du er gartner, kan vedligeholdelsen ses som en hobby med udsigt. Vedligeholdelse af et gr\u00f8nt tag indeb\u00e6rer typisk havearbejde som f.eks. besk\u00e6ring eller genplantning af et\u00e5rige planter. De fleste af dine omkostninger g\u00e5r til at passe planterne, vande dem og foretage inspektioner og reparationer af taget. Det er godt givet ud, men det er generelt dyrere at vedligeholde end et konventionelt tag.<\/p>\n\n\n\n<h2 class=\"wp-block-heading has-text-align-center\">Design af et gr\u00f8nt tag<\/h2>\n\n\n\n<hr class=\"wp-block-separator has-alpha-channel-opacity\"\/>\n\n\n\n<p>N\u00e5r man ser gr\u00f8nne tage, er det som regel p\u00e5 nybyggeri p\u00e5 grund af den m\u00e6ngde konstruktionsarbejde, der skal udf\u00f8res for at eftermontere en \u00e6ldre bygning, s\u00e5 den kan b\u00e6re den ekstra v\u00e6gt fra et gr\u00f8nt tag.<\/p>\n\n\n\n<p>Et gr\u00f8nt tag med korrekt vandt\u00e6tning, vanding, dr\u00e6ning og alt muligt andet koster mellem 10 og 20 euro pr. kvadratmeter. Selvom det er en betydelig omkostning p\u00e5 forh\u00e5nd, vil de tidligere n\u00e6vnte fordele og omkostningsbesparelser betale sig p\u00e5 lang sigt. Visse kommuner tilbyder ogs\u00e5 \u00f8konomiske incitamenter til at installere et gr\u00f8nt tag for at hj\u00e6lpe med omkostningerne.<\/p>\n\n\n\n<p>Hvis du hyrer en professionel til at l\u00e6gge et gr\u00f8nt tag, er det vigtigt at v\u00e6lge en entrepren\u00f8r, der har erfaring med gr\u00f8nne tage p\u00e5 grund af vigtigheden af strukturelle overvejelser.<\/p>\n\n\n\n<p>N\u00e5r du planl\u00e6gger at l\u00e6gge et gr\u00f8nt tag p\u00e5 en eksisterende bygning, skal du tage h\u00f8jde for flere strukturelle komponenter:<\/p>\n\n\n\n<ul class=\"wp-block-list\">\n<li>Tagets h\u00e6ldning<\/li>\n\n\n\n<li>Tagets v\u00e6gtb\u00e6rende kapacitet<\/li>\n\n\n\n<li>Eventuelle eksisterende dr\u00e6n- eller vandt\u00e6tningssystemer<\/li>\n\n\n\n<li>Potentiel eksponering for elementerne<\/li>\n\n\n\n<li>Adgang til el- og vvs-installationer<\/li>\n\n\n\n<li>Adgang til vedligeholdelse &#8211; hvem kan\/vil have adgang til taget?<\/li>\n<\/ul>\n\n\n\n<p>Der er ogs\u00e5 valgmuligheder med hensyn til, hvordan et gr\u00f8nt tag installeres. Det er muligt at installere \u00bbmoduler\u00ab af gr\u00f8nt tag, der nemt kan flyttes, drejes eller udskiftes &#8211; et almindeligt tr\u00e6k ved den ekstensive stil af gr\u00f8nt tag. Den ekstra fordel ved en modul\u00e6r stil er, at planterne kan dyrkes og kultiveres i et drivhus eller en have f\u00f8r installationen, men en ulempe er, at fugt ikke kan flyde superfrit mellem modulerne.<\/p>\n\n\n\n<p>Den anden mulighed for et gr\u00f8nt tag i intensiv stil er en mere integreret tilgang uden moduler &#8211; mere som en tagpark eller en vidtstrakt have.<\/p>\n\n\n\n<h2 class=\"wp-block-heading has-text-align-center\">Komponenterne i et gr\u00f8nt tag<\/h2>\n\n\n\n<hr class=\"wp-block-separator has-alpha-channel-opacity is-style-default\"\/>\n\n\n\n<figure class=\"wp-block-image aligncenter\"><img decoding=\"async\" width=\"1400\" height=\"1050\" src=\"data:image\/svg+xml;base64,PHN2ZyB4bWxucz0iaHR0cDovL3d3dy53My5vcmcvMjAwMC9zdmciIHZpZXdCb3g9IjAgMCAxNDAwIDEwNTAiIHdpZHRoPSIxNDAwIiBoZWlnaHQ9IjEwNTAiIGRhdGEtdT0iaHR0cHMlM0ElMkYlMkZncmVlbmJ1aWxkaW5nZXVyb3BlLmV1JTJGd3AtY29udGVudCUyRnVwbG9hZHMlMkYyMDE5JTJGMDQlMkZndWlkZS1ncmVlbi1yb29mLWNvbXBvbmVudHMuanBnIiBkYXRhLXc9IjE0MDAiIGRhdGEtaD0iMTA1MCIgZGF0YS1iaXA9IiI+PC9zdmc+\" data-spai=\"1\" alt=\"Gr\u00f8nt tag p\u00e5 toppen af en industribygning - en guide til gr\u00f8nne tage\" class=\"wp-image-12143\" title=\"\"  \/><\/figure>\n\n\n\n<p>Der er flere grundl\u00e6ggende lag, der udg\u00f8r et gr\u00f8nt tag. Fra top til bund omfatter disse:<\/p>\n\n\n\n<ol class=\"wp-block-list\">\n<li>Vegetationslaget af planter<\/li>\n\n\n\n<li>Et v\u00e6kstmedium<\/li>\n\n\n\n<li>En filtermembran<\/li>\n\n\n\n<li>Et dr\u00e6nlag<\/li>\n\n\n\n<li>Et vandt\u00e6t og rodafvisende lag<\/li>\n\n\n\n<li>St\u00f8tte til tagmembranen<\/li>\n\n\n\n<li>Et varmeisolerende lag<\/li>\n\n\n\n<li>Et lag med dampkontrol<\/li>\n\n\n\n<li>Strukturel underst\u00f8tning af taget<\/li>\n<\/ol>\n\n\n\n<p>Afh\u00e6ngigt af om du v\u00e6lger en ekstensiv, semi-intensiv eller intensiv gr\u00f8n tagtype, er der visse designkomponenter, der skal tages i betragtning.<\/p>\n\n\n\n<h3 class=\"wp-block-heading\">Dr\u00e6ning<\/h3>\n\n\n\n<p>Det er vigtigt for enhver bygnings strukturelle integritet, at der ikke samler sig vand p\u00e5 taget. Med et gr\u00f8nt tag inviterer vi fugt til at samle sig p\u00e5 taget, s\u00e5 vi skal sikre, at det ikke samler sig for meget p\u00e5 et sted p\u00e5 en m\u00e5de, der kan skade taget. Derfor er afl\u00f8bssystemer meget vigtige, n\u00e5r det g\u00e6lder om at lede vandet v\u00e6k fra potentielle vandansamlinger.<\/p>\n\n\n\n<h3 class=\"wp-block-heading\">Vandt\u00e6tning<\/h3>\n\n\n\n<p>Af samme grund som dr\u00e6ning er vigtig, er korrekt vandt\u00e6tning ogs\u00e5 vigtig. Mens korrekt dr\u00e6ning forhindrer vandansamlinger, spiller vandt\u00e6tning en n\u00f8glerolle. Selv hvor der ikke n\u00f8dvendigvis samles vand, inviterer vi stadig fugt til at blive h\u00e6ngende p\u00e5 taget, s\u00e5 vi har brug for et vandt\u00e6t lag i tagkonstruktionen for at sikre, at fugten ikke skader bygningen nedenunder ved at r\u00e5dne eller slide p\u00e5 dens elementer.<\/p>\n\n\n\n<h3 class=\"wp-block-heading\">Vanding<\/h3>\n\n\n\n<p>Planter har brug for tilstr\u00e6kkeligt med vand for at overleve. Ikke desto mindre er vanding mindre vigtigt for ekstensive gr\u00f8nne tage og mere vigtigt for intensive gr\u00f8nne tage.<\/p>\n\n\n\n<h3 class=\"wp-block-heading\">Rodbarrierer<\/h3>\n\n\n\n<p>N\u00e5r planterne vokser over jorden, forts\u00e6tter deres r\u00f8dder ogs\u00e5 med at vokse under jorden. R\u00f8dder er t\u00e5lmodige og har en overraskende styrke, der kan tr\u00e6nge igennem mange forskellige materialer. Det er det, der g\u00f8r en rodbarriere s\u00e5 vigtig i et gr\u00f8nt tag, da den kan forhindre r\u00f8dderne i at vokse ind i selve bygningen ved at lede dem sidel\u00e6ns i stedet for nedad.<\/p>\n\n\n\n<h3 class=\"wp-block-heading\">Voksende materiale<\/h3>\n\n\n\n<p>Traditionel jord er m\u00e5ske ikke egnet til nogle gr\u00f8nne tage, fordi den kan v\u00e6re meget t\u00e6t og tung, hvis der skal bruges meget af den til at d\u00e6kke et helt tag (is\u00e6r n\u00e5r den er vandm\u00e6ttet!).<\/p>\n\n\n\n<p>Til mere komplekse gr\u00f8nne tage, som f.eks. de semi-intensive eller intensive, er v\u00e6kstsubstrat (ogs\u00e5 kendt som \u00bbkunstig jord\u00ab) ideelt, da det kr\u00e6ver mindre vand og mindre vedligeholdelse for at underst\u00f8tte plantev\u00e6ksten. Sammenlignet med jord er substrat ogs\u00e5 mere tolerant over for ekstreme vejrforhold som varme, kulde og t\u00f8rke.<\/p>\n\n\n\n<h3 class=\"wp-block-heading\">Plantetyper<\/h3>\n\n\n\n<p>Disse vil variere meget, afh\u00e6ngigt af hvilken type gr\u00f8nt tag, der designes, samt form\u00e5let med det gr\u00f8nne omr\u00e5de. Hvilke plantearter er hjemmeh\u00f8rende i omr\u00e5det og kan underst\u00f8ttes i dette milj\u00f8? Skal det bruges som en urban farm? Er der lokale arter, som kan have gavn af, at der dyrkes bestemte typer planter?<\/p>\n\n\n\n<h3 class=\"wp-block-heading\">Andet tilbeh\u00f8r<\/h3>\n\n\n\n<p>Et gr\u00f8nt tag kan indeholde andet tilbeh\u00f8r end det, der er blevet n\u00e6vnt, afh\u00e6ngigt af, hvordan taget skal bruges. Ting som bistader, gangbroer, b\u00e6nke, kompost, <a href=\"https:\/\/greenbuildingeurope.eu\/?p=31566\">solpaneler<\/a>, <a href=\"https:\/\/greenbuildingeurope.eu\/?page_id=34\">vindm\u00f8ller<\/a> og systemer til opsamling af regnvand kan alle indarbejdes i designet af et gr\u00f8nt tag (is\u00e6r hvis det er et intensivt eller semi-intensivt tag, der skal bruges som et f\u00e6lles gr\u00f8nt omr\u00e5de eller en byfarm).<\/p>\n\n\n\n<h2 class=\"wp-block-heading has-text-align-center\">Smukke stykker levende arkitektur<\/h2>\n\n\n\n<hr class=\"wp-block-separator has-alpha-channel-opacity\"\/>\n\n\n\n<figure class=\"wp-block-image size-large\"><a href=\"https:\/\/greenbuildingeurope.eu\/wp-content\/uploads\/2019\/04\/living-roof-house-nature.jpg\"><img decoding=\"async\" width=\"1024\" height=\"693\" src=\"data:image\/svg+xml;base64,PHN2ZyB4bWxucz0iaHR0cDovL3d3dy53My5vcmcvMjAwMC9zdmciIHZpZXdCb3g9IjAgMCAxMjAwIDgxMiIgd2lkdGg9IjEyMDAiIGhlaWdodD0iODEyIiBkYXRhLXU9Imh0dHBzJTNBJTJGJTJGZ3JlZW5idWlsZGluZ2V1cm9wZS5ldSUyRndwLWNvbnRlbnQlMkZ1cGxvYWRzJTJGMjAxOSUyRjA0JTJGbGl2aW5nLXJvb2YtaG91c2UtbmF0dXJlLmpwZyIgZGF0YS13PSIxMjAwIiBkYXRhLWg9IjgxMiIgZGF0YS1iaXA9IiI+PC9zdmc+\" data-spai=\"1\" alt=\"\" class=\"wp-image-32885\" title=\"\" srcset=\" \" sizes=\"(max-width: 1024px) 100vw, 1024px\" \/><\/a><\/figure>\n\n\n\n<p>Der er s\u00e5 meget forskelligt, n\u00e5r det g\u00e6lder gr\u00f8nne tage, og de kan nemt tilpasses til en lang r\u00e6kke anvendelser (og \u00e6stetiske pr\u00e6ferencer), fra en urban g\u00e5rd til en fredelig oase til en simpel overd\u00e6kning af gr\u00f8nne omr\u00e5der.<\/p>\n\n\n\n<p>Der er allerede mange smukke eksempler p\u00e5 denne form for \u00bblevende arkitektur\u00ab i verden, og der kommer stadig flere til, efterh\u00e5nden som vi f\u00e5r \u00f8jnene op for, hvor gavnligt et stykke bygningsdesign det kan v\u00e6re.<\/p>\n\n\n\n<p>Betydningen af gr\u00f8nne omr\u00e5der kan ikke undervurderes, is\u00e6r n\u00e5r befolkningen forts\u00e6tter med at vokse hurtigt i t\u00e6tte bycentre. At skabe mere af dette rum vil ikke kun gavne vores jord, men ogs\u00e5 hele menneskeheden.<\/p>\n","protected":false},"excerpt":{"rendered":"<p>Et gr\u00f8nt tag, ogs\u00e5 kendt som et levende tag eller et \u00f8ko-tag, er i bund og grund en taghave. Selv om de kan koste mere p\u00e5 forh\u00e5nd end et mere traditionelt tag, er fordelene enorme, og de potentielle langsigtede besparelser [&hellip;]<\/p>\n","protected":false},"author":4,"featured_media":39387,"comment_status":"open","ping_status":"open","sticky":false,"template":"","format":"standard","meta":{"_uag_custom_page_level_css":"","site-sidebar-layout":"default","site-content-layout":"","ast-site-content-layout":"default","site-content-style":"default","site-sidebar-style":"default","ast-global-header-display":"","ast-banner-title-visibility":"","ast-main-header-display":"","ast-hfb-above-header-display":"","ast-hfb-below-header-display":"","ast-hfb-mobile-header-display":"","site-post-title":"","ast-breadcrumbs-content":"","ast-featured-img":"","footer-sml-layout":"","ast-disable-related-posts":"","theme-transparent-header-meta":"","adv-header-id-meta":"","stick-header-meta":"","header-above-stick-meta":"","header-main-stick-meta":"","header-below-stick-meta":"","astra-migrate-meta-layouts":"set","ast-page-background-enabled":"default","ast-page-background-meta":{"desktop":{"background-color":"var(--ast-global-color-4)","background-image":"","background-repeat":"repeat","background-position":"center center","background-size":"auto","background-attachment":"scroll","background-type":"","background-media":"","overlay-type":"","overlay-color":"","overlay-opacity":"","overlay-gradient":""},"tablet":{"background-color":"","background-image":"","background-repeat":"repeat","background-position":"center center","background-size":"auto","background-attachment":"scroll","background-type":"","background-media":"","overlay-type":"","overlay-color":"","overlay-opacity":"","overlay-gradient":""},"mobile":{"background-color":"","background-image":"","background-repeat":"repeat","background-position":"center center","background-size":"auto","background-attachment":"scroll","background-type":"","background-media":"","overlay-type":"","overlay-color":"","overlay-opacity":"","overlay-gradient":""}},"ast-content-background-meta":{"desktop":{"background-color":"var(--ast-global-color-5)","background-image":"","background-repeat":"repeat","background-position":"center center","background-size":"auto","background-attachment":"scroll","background-type":"","background-media":"","overlay-type":"","overlay-color":"","overlay-opacity":"","overlay-gradient":""},"tablet":{"background-color":"var(--ast-global-color-5)","background-image":"","background-repeat":"repeat","background-position":"center center","background-size":"auto","background-attachment":"scroll","background-type":"","background-media":"","overlay-type":"","overlay-color":"","overlay-opacity":"","overlay-gradient":""},"mobile":{"background-color":"var(--ast-global-color-5)","background-image":"","background-repeat":"repeat","background-position":"center center","background-size":"auto","background-attachment":"scroll","background-type":"","background-media":"","overlay-type":"","overlay-color":"","overlay-opacity":"","overlay-gradient":""}},"footnotes":""},"categories":[1979,2028],"tags":[],"class_list":["post-56470","post","type-post","status-publish","format-standard","has-post-thumbnail","hentry","category-gronne-byggematerialer","category-gron-byggepraksis"],"uagb_featured_image_src":{"full":["https:\/\/cdn.shortpixel.ai\/spai\/q_lossy+ret_img+to_webp\/greenbuildingeurope.eu\/wp-content\/uploads\/2019\/04\/guide-to-green-roofs.jpg",1400,927,false],"thumbnail":["https:\/\/cdn.shortpixel.ai\/spai\/q_lossy+ret_img+to_webp\/greenbuildingeurope.eu\/wp-content\/uploads\/2019\/04\/guide-to-green-roofs-50x50.jpg",50,50,true],"medium":["https:\/\/cdn.shortpixel.ai\/spai\/q_lossy+ret_img+to_webp\/greenbuildingeurope.eu\/wp-content\/uploads\/2019\/04\/guide-to-green-roofs-230x152.jpg",230,152,true],"medium_large":["https:\/\/cdn.shortpixel.ai\/spai\/q_lossy+ret_img+to_webp\/greenbuildingeurope.eu\/wp-content\/uploads\/2019\/04\/guide-to-green-roofs-768x509.jpg",768,509,true],"large":["https:\/\/cdn.shortpixel.ai\/spai\/q_lossy+ret_img+to_webp\/greenbuildingeurope.eu\/wp-content\/uploads\/2019\/04\/guide-to-green-roofs-1024x678.jpg",1024,678,true],"1536x1536":["https:\/\/cdn.shortpixel.ai\/spai\/q_lossy+ret_img+to_webp\/greenbuildingeurope.eu\/wp-content\/uploads\/2019\/04\/guide-to-green-roofs.jpg",1400,927,false],"2048x2048":["https:\/\/cdn.shortpixel.ai\/spai\/q_lossy+ret_img+to_webp\/greenbuildingeurope.eu\/wp-content\/uploads\/2019\/04\/guide-to-green-roofs.jpg",1400,927,false]},"uagb_author_info":{"display_name":"Eve Lampert","author_link":"https:\/\/greenbuildingeurope.eu\/da\/author\/eve-lampert\/"},"uagb_comment_info":0,"uagb_excerpt":"Et gr\u00f8nt tag, ogs\u00e5 kendt som et levende tag eller et \u00f8ko-tag, er i bund og grund en taghave. Selv om de kan koste mere p\u00e5 forh\u00e5nd end et mere traditionelt tag, er fordelene enorme, og de potentielle langsigtede besparelser [&hellip;]","_links":{"self":[{"href":"https:\/\/greenbuildingeurope.eu\/da\/wp-json\/wp\/v2\/posts\/56470","targetHints":{"allow":["GET"]}}],"collection":[{"href":"https:\/\/greenbuildingeurope.eu\/da\/wp-json\/wp\/v2\/posts"}],"about":[{"href":"https:\/\/greenbuildingeurope.eu\/da\/wp-json\/wp\/v2\/types\/post"}],"author":[{"embeddable":true,"href":"https:\/\/greenbuildingeurope.eu\/da\/wp-json\/wp\/v2\/users\/4"}],"replies":[{"embeddable":true,"href":"https:\/\/greenbuildingeurope.eu\/da\/wp-json\/wp\/v2\/comments?post=56470"}],"version-history":[{"count":0,"href":"https:\/\/greenbuildingeurope.eu\/da\/wp-json\/wp\/v2\/posts\/56470\/revisions"}],"wp:featuredmedia":[{"embeddable":true,"href":"https:\/\/greenbuildingeurope.eu\/da\/wp-json\/wp\/v2\/media\/39387"}],"wp:attachment":[{"href":"https:\/\/greenbuildingeurope.eu\/da\/wp-json\/wp\/v2\/media?parent=56470"}],"wp:term":[{"taxonomy":"category","embeddable":true,"href":"https:\/\/greenbuildingeurope.eu\/da\/wp-json\/wp\/v2\/categories?post=56470"},{"taxonomy":"post_tag","embeddable":true,"href":"https:\/\/greenbuildingeurope.eu\/da\/wp-json\/wp\/v2\/tags?post=56470"}],"curies":[{"name":"wp","href":"https:\/\/api.w.org\/{rel}","templated":true}]}}